{"id":6451,"date":"2020-05-07T09:12:32","date_gmt":"2020-05-07T08:12:32","guid":{"rendered":"https:\/\/www.bcpijnacker.nl\/?p=6451"},"modified":"2021-07-10T19:23:36","modified_gmt":"2021-07-10T18:23:36","slug":"geen-sporthal-door-corona-wel-jeugdtraining-op-zaterdag","status":"publish","type":"post","link":"https:\/\/www.bcpijnacker.nl\/index.php\/2020\/05\/07\/geen-sporthal-door-corona-wel-jeugdtraining-op-zaterdag\/","title":{"rendered":"G\u00e9\u00e9n sporthal door corona, w\u00e9l jeugdtraining op zaterdag!"},"content":{"rendered":"\t\t<div data-elementor-type=\"wp-post\" data-elementor-id=\"6451\" class=\"elementor elementor-6451\">\n\t\t\t\t\t\t<section class=\"elementor-section elementor-top-section elementor-element elementor-element-5a5ed13 elementor-section-boxed elementor-section-height-default elementor-section-height-default\" data-id=\"5a5ed13\" data-element_type=\"section\" data-e-type=\"section\">\n\t\t\t\t\t\t<div class=\"elementor-container elementor-column-gap-default\">\n\t\t\t\t\t<div class=\"elementor-column elementor-col-100 elementor-top-column elementor-element elementor-element-bb2bc60\" data-id=\"bb2bc60\" data-element_type=\"column\" data-e-type=\"column\">\n\t\t\t<div class=\"elementor-widget-wrap elementor-element-populated\">\n\t\t\t\t\t\t\t<\/div>\n\t\t<\/div>\n\t\t\t\t\t<\/div>\n\t\t<\/section>\n\t\t\t\t<section class=\"elementor-section elementor-top-section elementor-element elementor-element-36e37f2 elementor-section-boxed elementor-section-height-default elementor-section-height-default\" data-id=\"36e37f2\" data-element_type=\"section\" data-e-type=\"section\">\n\t\t\t\t\t\t<div class=\"elementor-container elementor-column-gap-default\">\n\t\t\t\t\t<div class=\"elementor-column elementor-col-100 elementor-top-column elementor-element elementor-element-72a09cb\" data-id=\"72a09cb\" data-element_type=\"column\" data-e-type=\"column\">\n\t\t\t<div class=\"elementor-widget-wrap elementor-element-populated\">\n\t\t\t\t\t\t<div class=\"elementor-element elementor-element-b917739 elementor-widget elementor-widget-text-editor\" data-id=\"b917739\" data-element_type=\"widget\" data-e-type=\"widget\" data-widget_type=\"text-editor.default\">\n\t\t\t\t<div class=\"elementor-widget-container\">\n\t\t\t\t\t\t\t\t\t<p><strong>Sporthallen blijven nog dicht tot 1 september<\/strong><\/p><p>Op 6 mei heeft de regering haar routeplan voor de afbouw van de coronamaatregelen bekend gemaakt. Duidelijk is dat binnensporten zoals badminton in elk geval tot 1 september nog niet is toegestaan. Tot die tijd zullen we ons badmintonpeil met behulp van de trainingsvideo\u2019s van Demi op onze website op peil moeten houden.<\/p>\t\t\t\t\t\t\t\t<\/div>\n\t\t\t\t<\/div>\n\t\t\t\t\t<\/div>\n\t\t<\/div>\n\t\t\t\t\t<\/div>\n\t\t<\/section>\n\t\t\t\t<section class=\"elementor-section elementor-top-section elementor-element elementor-element-b9e265f elementor-section-boxed elementor-section-height-default elementor-section-height-default\" data-id=\"b9e265f\" data-element_type=\"section\" data-e-type=\"section\">\n\t\t\t\t\t\t<div class=\"elementor-container elementor-column-gap-default\">\n\t\t\t\t\t<div class=\"elementor-column elementor-col-100 elementor-top-column elementor-element elementor-element-c8b27e0\" data-id=\"c8b27e0\" data-element_type=\"column\" data-e-type=\"column\">\n\t\t\t<div class=\"elementor-widget-wrap elementor-element-populated\">\n\t\t\t\t\t\t<div class=\"elementor-element elementor-element-9270b3c elementor-widget elementor-widget-text-editor\" data-id=\"9270b3c\" data-element_type=\"widget\" data-e-type=\"widget\" data-widget_type=\"text-editor.default\">\n\t\t\t\t<div class=\"elementor-widget-container\">\n\t\t\t\t\t\t\t\t\t<p><strong>Buitentraining voor de jeugd<\/strong><\/p><p>Van de gemeente is inmiddels toestemming verkregen om op zaterdagen buitentrainingen te verzorgen, te beginnen op zaterdag 9 mei a.s. Deze training wordt gegeven in park Tolhek (Amstelpad, nabij pannenkoekenrestaurant de Soete Suikerbol) van 08:30 t\/m 9:25 voor de leeftijdsgroep 12 en jonger en vervolgens van 09:35 t\/m 10:30 voor de groep van 13 t\/m 18 (wisseltijd van 10 minuten, tussen 9:25 en 9:35). Wij zijn heel blij met deze mogelijkheid en denken hiermee in een behoefte te voorzien.<\/p>\t\t\t\t\t\t\t\t<\/div>\n\t\t\t\t<\/div>\n\t\t\t\t\t<\/div>\n\t\t<\/div>\n\t\t\t\t\t<\/div>\n\t\t<\/section>\n\t\t\t\t<section class=\"elementor-section elementor-top-section elementor-element elementor-element-aec8ebe elementor-section-boxed elementor-section-height-default elementor-section-height-default\" data-id=\"aec8ebe\" data-element_type=\"section\" data-e-type=\"section\">\n\t\t\t\t\t\t<div class=\"elementor-container elementor-column-gap-default\">\n\t\t\t\t\t<div class=\"elementor-column elementor-col-100 elementor-top-column elementor-element elementor-element-5251ea6\" data-id=\"5251ea6\" data-element_type=\"column\" data-e-type=\"column\">\n\t\t\t<div class=\"elementor-widget-wrap elementor-element-populated\">\n\t\t\t\t\t\t<div class=\"elementor-element elementor-element-69dd1b2 elementor-widget elementor-widget-google_maps\" data-id=\"69dd1b2\" data-element_type=\"widget\" data-e-type=\"widget\" data-widget_type=\"google_maps.default\">\n\t\t\t\t<div class=\"elementor-widget-container\">\n\t\t\t\t\t\t\t<div class=\"elementor-custom-embed\">\n\t\t\t<iframe loading=\"lazy\"\n\t\t\t\t\tsrc=\"https:\/\/maps.google.com\/maps?q=amstelpad%2C%20pijnacker&#038;t=m&#038;z=16&#038;output=embed&#038;iwloc=near\"\n\t\t\t\t\ttitle=\"amstelpad, pijnacker\"\n\t\t\t\t\taria-label=\"amstelpad, pijnacker\"\n\t\t\t><\/iframe>\n\t\t<\/div>\n\t\t\t\t\t\t<\/div>\n\t\t\t\t<\/div>\n\t\t\t\t\t<\/div>\n\t\t<\/div>\n\t\t\t\t\t<\/div>\n\t\t<\/section>\n\t\t\t\t<section class=\"elementor-section elementor-top-section elementor-element elementor-element-52bcea6 elementor-section-boxed elementor-section-height-default elementor-section-height-default\" data-id=\"52bcea6\" data-element_type=\"section\" data-e-type=\"section\">\n\t\t\t\t\t\t<div class=\"elementor-container elementor-column-gap-default\">\n\t\t\t\t\t<div class=\"elementor-column elementor-col-100 elementor-top-column elementor-element elementor-element-e8aff61\" data-id=\"e8aff61\" data-element_type=\"column\" data-e-type=\"column\">\n\t\t\t<div class=\"elementor-widget-wrap elementor-element-populated\">\n\t\t\t\t\t\t<div class=\"elementor-element elementor-element-652afdb elementor-widget elementor-widget-text-editor\" data-id=\"652afdb\" data-element_type=\"widget\" data-e-type=\"widget\" data-widget_type=\"text-editor.default\">\n\t\t\t\t<div class=\"elementor-widget-container\">\n\t\t\t\t\t\t\t\t\t<p><strong>Let op<\/strong><\/p><p>Ter wille van de veiligheid van kinderen, ouders en trainers\/begeleiders wordt gevraagd de kinderen zo veel mogelijk op eigen gelegenheid en al in sportkleding naar de trainingslocatie te laten komen.<\/p><p>Wij hopen dat we hier voor onze badmintonjeugd de pil van de lockdown iets te kunnen vergulden.<\/p>\t\t\t\t\t\t\t\t<\/div>\n\t\t\t\t<\/div>\n\t\t\t\t\t<\/div>\n\t\t<\/div>\n\t\t\t\t\t<\/div>\n\t\t<\/section>\n\t\t\t\t<\/div>\n\t\t","protected":false},"excerpt":{"rendered":"<p>Sporthallen blijven nog dicht tot 1 september Op 6 mei heeft de regering haar routeplan voor de afbouw van de<\/p>\n","protected":false},"author":3,"featured_media":0,"comment_status":"closed","ping_status":"open","sticky":false,"template":"","format":"standard","meta":{"colormag_page_container_layout":"default_layout","colormag_page_sidebar_layout":"default_layout","_jetpack_memberships_contains_paid_content":false,"footnotes":""},"categories":[25],"tags":[],"class_list":["post-6451","post","type-post","status-publish","format-standard","hentry","category-nieuws"],"jetpack_featured_media_url":"","jetpack_sharing_enabled":true,"_links":{"self":[{"href":"https:\/\/www.bcpijnacker.nl\/index.php\/wp-json\/wp\/v2\/posts\/6451","targetHints":{"allow":["GET"]}}],"collection":[{"href":"https:\/\/www.bcpijnacker.nl\/index.php\/wp-json\/wp\/v2\/posts"}],"about":[{"href":"https:\/\/www.bcpijnacker.nl\/index.php\/wp-json\/wp\/v2\/types\/post"}],"author":[{"embeddable":true,"href":"https:\/\/www.bcpijnacker.nl\/index.php\/wp-json\/wp\/v2\/users\/3"}],"replies":[{"embeddable":true,"href":"https:\/\/www.bcpijnacker.nl\/index.php\/wp-json\/wp\/v2\/comments?post=6451"}],"version-history":[{"count":4,"href":"https:\/\/www.bcpijnacker.nl\/index.php\/wp-json\/wp\/v2\/posts\/6451\/revisions"}],"predecessor-version":[{"id":6456,"href":"https:\/\/www.bcpijnacker.nl\/index.php\/wp-json\/wp\/v2\/posts\/6451\/revisions\/6456"}],"wp:attachment":[{"href":"https:\/\/www.bcpijnacker.nl\/index.php\/wp-json\/wp\/v2\/media?parent=6451"}],"wp:term":[{"taxonomy":"category","embeddable":true,"href":"https:\/\/www.bcpijnacker.nl\/index.php\/wp-json\/wp\/v2\/categories?post=6451"},{"taxonomy":"post_tag","embeddable":true,"href":"https:\/\/www.bcpijnacker.nl\/index.php\/wp-json\/wp\/v2\/tags?post=6451"}],"curies":[{"name":"wp","href":"https:\/\/api.w.org\/{rel}","templated":true}]}}